{"id":1945,"date":"2022-03-24T18:02:51","date_gmt":"2022-03-24T16:02:51","guid":{"rendered":"https:\/\/www.unique-hotelsresidences.com\/un-ete-a-port-frejus-frejus-plage-et-saint-raphael\/"},"modified":"2023-08-21T17:16:48","modified_gmt":"2023-08-21T15:16:48","slug":"a-summer-in-port-frejus-frejus-plage-and-saint-raphael","status":"publish","type":"post","link":"https:\/\/www.unique-hotelsresidences.com\/en\/a-summer-in-port-frejus-frejus-plage-and-saint-raphael\/","title":{"rendered":"A summer in Port-Fr\u00e9jus, Fr\u00e9jus-Plage and Saint-Rapha\u00ebl"},"content":{"rendered":"<p>From the terraces or the quays of Port-Fr\u00e9jus, to Saint-Rapha\u00ebl along Fr\u00e9jus-Plage, admire a magical show where the sky blazes with a thousand colors, a palette composed by fireworks&#8230;.<\/p>\n<p>Summer rhymes with heat, sun, night markets and our traditional fireworks, fired every week, for the greatest pleasure of young and old!<\/p>\n<p>Find the program :<\/p>\n<p>Fr\u00e9jus-Plage<\/p>\n<ul>\n<li>Friday July 8th<\/li>\n<li>Monday 18th July<\/li>\n<li>Monday July 25th<\/li>\n<li>Monday August 1st<\/li>\n<li>Monday August 8th<\/li>\n<li>Thursday, August 18<\/li>\n<li>Monday August 22nd<\/li>\n<\/ul>\n<p>Saint-Rapha\u00ebl<\/p>\n<ul>\n<li>Thursday, July 14 (Plage du Veillat)<\/li>\n<li>Friday, July 15 (Boulouris plage le Toucan)<\/li>\n<li>Sunday July 31st (Plage du Veillat)<\/li>\n<li>Monday August 15 (Plage du Veillat)<\/li>\n<li>Tuesday August 16th (Plage du Dramont)<\/li>\n<\/ul>\n<p>During the summer season, our ports and the sea front offer all summer long and every evening in July and August, a night market, with regional products where exhibitors offer quality items (arts and crafts, works of art, local producers, etc.) and put forward their know-how through demonstrations, workshops and occasional animations.<\/p>\n<h3>Have a great summer in Fr\u00e9jus-Saint-Rapha\u00ebl and let yourself be carried away by the magic of the sky.<\/h3>\n","protected":false},"excerpt":{"rendered":"<p>From the terraces or the quays of Port-Fr\u00e9jus, to Saint-Rapha\u00ebl along Fr\u00e9jus-Plage, admire a magical show where the sky blazes with a thousand colors, a palette composed by fireworks&#8230;. Summer rhymes with heat, sun, night markets and our traditional fireworks, fired every week, for the greatest pleasure of young and old! Find the program : [&hellip;]<\/p>\n","protected":false},"author":4,"featured_media":2409,"comment_status":"closed","ping_status":"closed","sticky":false,"template":"","format":"standard","meta":[],"categories":[5],"tags":[],"acf":[],"yoast_head":"<!-- This site is optimized with the Yoast SEO plugin v20.4 - https:\/\/yoast.com\/wordpress\/plugins\/seo\/ -->\n<title>A summer in Port-Fr\u00e9jus, Fr\u00e9jus-Plage and Saint-Rapha\u00ebl - Unique H\u00f4tels &amp; R\u00e9sidences<\/title>\n<meta name=\"description\" content=\"From the terraces or the quays of Port-Fr\u00e9jus, to Saint-Rapha\u00ebl, admire a magical show where the sky blazes with a thousand colors.\" \/>\n<meta name=\"robots\" content=\"index, follow, max-snippet:-1, max-image-preview:large, max-video-preview:-1\" \/>\n<link rel=\"canonical\" href=\"https:\/\/www.unique-hotelsresidences.com\/en\/a-summer-in-port-frejus-frejus-plage-and-saint-raphael\/\" \/>\n<meta property=\"og:locale\" content=\"en_US\" \/>\n<meta property=\"og:type\" content=\"article\" \/>\n<meta property=\"og:title\" content=\"A summer in Port-Fr\u00e9jus, Fr\u00e9jus-Plage and Saint-Rapha\u00ebl - Unique H\u00f4tels &amp; R\u00e9sidences\" \/>\n<meta property=\"og:description\" content=\"From the terraces or the quays of Port-Fr\u00e9jus, to Saint-Rapha\u00ebl, admire a magical show where the sky blazes with a thousand colors.\" \/>\n<meta property=\"og:url\" content=\"https:\/\/www.unique-hotelsresidences.com\/en\/a-summer-in-port-frejus-frejus-plage-and-saint-raphael\/\" \/>\n<meta property=\"og:site_name\" content=\"Unique H\u00f4tels &amp; R\u00e9sidences\" \/>\n<meta property=\"article:published_time\" content=\"2022-03-24T16:02:51+00:00\" \/>\n<meta property=\"article:modified_time\" content=\"2023-08-21T15:16:48+00:00\" \/>\n<meta property=\"og:image\" content=\"https:\/\/www.unique-hotelsresidences.com\/base\/uploads\/2022\/03\/port-frejus.jpg\" \/>\n\t<meta property=\"og:image:width\" content=\"2048\" \/>\n\t<meta property=\"og:image:height\" content=\"1152\" \/>\n\t<meta property=\"og:image:type\" content=\"image\/jpeg\" \/>\n<meta name=\"author\" content=\"admin_account\" \/>\n<meta name=\"twitter:label1\" content=\"Written by\" \/>\n\t<meta name=\"twitter:data1\" content=\"admin_account\" \/>\n\t<meta name=\"twitter:label2\" content=\"Est. reading time\" \/>\n\t<meta name=\"twitter:data2\" content=\"1 minute\" \/>\n<script type=\"application\/ld+json\" class=\"yoast-schema-graph\">{\"@context\":\"https:\/\/schema.org\",\"@graph\":[{\"@type\":\"Article\",\"@id\":\"https:\/\/www.unique-hotelsresidences.com\/en\/a-summer-in-port-frejus-frejus-plage-and-saint-raphael\/#article\",\"isPartOf\":{\"@id\":\"https:\/\/www.unique-hotelsresidences.com\/en\/a-summer-in-port-frejus-frejus-plage-and-saint-raphael\/\"},\"author\":{\"name\":\"admin_account\",\"@id\":\"https:\/\/www.unique-hotelsresidences.com\/#\/schema\/person\/b3b971c02892d4b8c120799985bbe083\"},\"headline\":\"A summer in Port-Fr\u00e9jus, Fr\u00e9jus-Plage and Saint-Rapha\u00ebl\",\"datePublished\":\"2022-03-24T16:02:51+00:00\",\"dateModified\":\"2023-08-21T15:16:48+00:00\",\"mainEntityOfPage\":{\"@id\":\"https:\/\/www.unique-hotelsresidences.com\/en\/a-summer-in-port-frejus-frejus-plage-and-saint-raphael\/\"},\"wordCount\":191,\"publisher\":{\"@id\":\"https:\/\/www.unique-hotelsresidences.com\/#organization\"},\"articleSection\":[\"News\"],\"inLanguage\":\"en-US\"},{\"@type\":\"WebPage\",\"@id\":\"https:\/\/www.unique-hotelsresidences.com\/en\/a-summer-in-port-frejus-frejus-plage-and-saint-raphael\/\",\"url\":\"https:\/\/www.unique-hotelsresidences.com\/en\/a-summer-in-port-frejus-frejus-plage-and-saint-raphael\/\",\"name\":\"A summer in Port-Fr\u00e9jus, Fr\u00e9jus-Plage and Saint-Rapha\u00ebl - Unique H\u00f4tels &amp; R\u00e9sidences\",\"isPartOf\":{\"@id\":\"https:\/\/www.unique-hotelsresidences.com\/#website\"},\"datePublished\":\"2022-03-24T16:02:51+00:00\",\"dateModified\":\"2023-08-21T15:16:48+00:00\",\"description\":\"From the terraces or the quays of Port-Fr\u00e9jus, to Saint-Rapha\u00ebl, admire a magical show where the sky blazes with a thousand colors.\",\"breadcrumb\":{\"@id\":\"https:\/\/www.unique-hotelsresidences.com\/en\/a-summer-in-port-frejus-frejus-plage-and-saint-raphael\/#breadcrumb\"},\"inLanguage\":\"en-US\",\"potentialAction\":[{\"@type\":\"ReadAction\",\"target\":[\"https:\/\/www.unique-hotelsresidences.com\/en\/a-summer-in-port-frejus-frejus-plage-and-saint-raphael\/\"]}]},{\"@type\":\"BreadcrumbList\",\"@id\":\"https:\/\/www.unique-hotelsresidences.com\/en\/a-summer-in-port-frejus-frejus-plage-and-saint-raphael\/#breadcrumb\",\"itemListElement\":[{\"@type\":\"ListItem\",\"position\":1,\"name\":\"Accueil\",\"item\":\"https:\/\/www.unique-hotelsresidences.com\/en\/\"},{\"@type\":\"ListItem\",\"position\":2,\"name\":\"News\",\"item\":\"https:\/\/www.unique-hotelsresidences.com\/en\/categorie\/news\/\"},{\"@type\":\"ListItem\",\"position\":3,\"name\":\"A summer in Port-Fr\u00e9jus, Fr\u00e9jus-Plage and Saint-Rapha\u00ebl\"}]},{\"@type\":\"WebSite\",\"@id\":\"https:\/\/www.unique-hotelsresidences.com\/#website\",\"url\":\"https:\/\/www.unique-hotelsresidences.com\/\",\"name\":\"Unique H\u00f4tels &amp; R\u00e9sidences\",\"description\":\"\",\"publisher\":{\"@id\":\"https:\/\/www.unique-hotelsresidences.com\/#organization\"},\"potentialAction\":[{\"@type\":\"SearchAction\",\"target\":{\"@type\":\"EntryPoint\",\"urlTemplate\":\"https:\/\/www.unique-hotelsresidences.com\/?s={search_term_string}\"},\"query-input\":\"required name=search_term_string\"}],\"inLanguage\":\"en-US\"},{\"@type\":\"Organization\",\"@id\":\"https:\/\/www.unique-hotelsresidences.com\/#organization\",\"name\":\"Unique H\u00f4tel et R\u00e9sidence\",\"url\":\"https:\/\/www.unique-hotelsresidences.com\/\",\"logo\":{\"@type\":\"ImageObject\",\"inLanguage\":\"en-US\",\"@id\":\"https:\/\/www.unique-hotelsresidences.com\/#\/schema\/logo\/image\/\",\"url\":\"https:\/\/www.unique-hotelsresidences.com\/base\/uploads\/2022\/01\/logo-header.png\",\"contentUrl\":\"https:\/\/www.unique-hotelsresidences.com\/base\/uploads\/2022\/01\/logo-header.png\",\"width\":155,\"height\":104,\"caption\":\"Unique H\u00f4tel et R\u00e9sidence\"},\"image\":{\"@id\":\"https:\/\/www.unique-hotelsresidences.com\/#\/schema\/logo\/image\/\"}},{\"@type\":\"Person\",\"@id\":\"https:\/\/www.unique-hotelsresidences.com\/#\/schema\/person\/b3b971c02892d4b8c120799985bbe083\",\"name\":\"admin_account\",\"image\":{\"@type\":\"ImageObject\",\"inLanguage\":\"en-US\",\"@id\":\"https:\/\/www.unique-hotelsresidences.com\/#\/schema\/person\/image\/\",\"url\":\"https:\/\/secure.gravatar.com\/avatar\/3243abf28f52f46bb999ad92ad75dcf8?s=96&d=mm&r=g\",\"contentUrl\":\"https:\/\/secure.gravatar.com\/avatar\/3243abf28f52f46bb999ad92ad75dcf8?s=96&d=mm&r=g\",\"caption\":\"admin_account\"}}]}<\/script>\n<!-- \/ Yoast SEO plugin. -->","yoast_head_json":{"title":"A summer in Port-Fr\u00e9jus, Fr\u00e9jus-Plage and Saint-Rapha\u00ebl - Unique H\u00f4tels &amp; R\u00e9sidences","description":"From the terraces or the quays of Port-Fr\u00e9jus, to Saint-Rapha\u00ebl, admire a magical show where the sky blazes with a thousand colors.","robots":{"index":"index","follow":"follow","max-snippet":"max-snippet:-1","max-image-preview":"max-image-preview:large","max-video-preview":"max-video-preview:-1"},"canonical":"https:\/\/www.unique-hotelsresidences.com\/en\/a-summer-in-port-frejus-frejus-plage-and-saint-raphael\/","og_locale":"en_US","og_type":"article","og_title":"A summer in Port-Fr\u00e9jus, Fr\u00e9jus-Plage and Saint-Rapha\u00ebl - Unique H\u00f4tels &amp; R\u00e9sidences","og_description":"From the terraces or the quays of Port-Fr\u00e9jus, to Saint-Rapha\u00ebl, admire a magical show where the sky blazes with a thousand colors.","og_url":"https:\/\/www.unique-hotelsresidences.com\/en\/a-summer-in-port-frejus-frejus-plage-and-saint-raphael\/","og_site_name":"Unique H\u00f4tels &amp; R\u00e9sidences","article_published_time":"2022-03-24T16:02:51+00:00","article_modified_time":"2023-08-21T15:16:48+00:00","og_image":[{"width":2048,"height":1152,"url":"https:\/\/www.unique-hotelsresidences.com\/base\/uploads\/2022\/03\/port-frejus.jpg","type":"image\/jpeg"}],"author":"admin_account","twitter_misc":{"Written by":"admin_account","Est. reading time":"1 minute"},"schema":{"@context":"https:\/\/schema.org","@graph":[{"@type":"Article","@id":"https:\/\/www.unique-hotelsresidences.com\/en\/a-summer-in-port-frejus-frejus-plage-and-saint-raphael\/#article","isPartOf":{"@id":"https:\/\/www.unique-hotelsresidences.com\/en\/a-summer-in-port-frejus-frejus-plage-and-saint-raphael\/"},"author":{"name":"admin_account","@id":"https:\/\/www.unique-hotelsresidences.com\/#\/schema\/person\/b3b971c02892d4b8c120799985bbe083"},"headline":"A summer in Port-Fr\u00e9jus, Fr\u00e9jus-Plage and Saint-Rapha\u00ebl","datePublished":"2022-03-24T16:02:51+00:00","dateModified":"2023-08-21T15:16:48+00:00","mainEntityOfPage":{"@id":"https:\/\/www.unique-hotelsresidences.com\/en\/a-summer-in-port-frejus-frejus-plage-and-saint-raphael\/"},"wordCount":191,"publisher":{"@id":"https:\/\/www.unique-hotelsresidences.com\/#organization"},"articleSection":["News"],"inLanguage":"en-US"},{"@type":"WebPage","@id":"https:\/\/www.unique-hotelsresidences.com\/en\/a-summer-in-port-frejus-frejus-plage-and-saint-raphael\/","url":"https:\/\/www.unique-hotelsresidences.com\/en\/a-summer-in-port-frejus-frejus-plage-and-saint-raphael\/","name":"A summer in Port-Fr\u00e9jus, Fr\u00e9jus-Plage and Saint-Rapha\u00ebl - Unique H\u00f4tels &amp; R\u00e9sidences","isPartOf":{"@id":"https:\/\/www.unique-hotelsresidences.com\/#website"},"datePublished":"2022-03-24T16:02:51+00:00","dateModified":"2023-08-21T15:16:48+00:00","description":"From the terraces or the quays of Port-Fr\u00e9jus, to Saint-Rapha\u00ebl, admire a magical show where the sky blazes with a thousand colors.","breadcrumb":{"@id":"https:\/\/www.unique-hotelsresidences.com\/en\/a-summer-in-port-frejus-frejus-plage-and-saint-raphael\/#breadcrumb"},"inLanguage":"en-US","potentialAction":[{"@type":"ReadAction","target":["https:\/\/www.unique-hotelsresidences.com\/en\/a-summer-in-port-frejus-frejus-plage-and-saint-raphael\/"]}]},{"@type":"BreadcrumbList","@id":"https:\/\/www.unique-hotelsresidences.com\/en\/a-summer-in-port-frejus-frejus-plage-and-saint-raphael\/#breadcrumb","itemListElement":[{"@type":"ListItem","position":1,"name":"Accueil","item":"https:\/\/www.unique-hotelsresidences.com\/en\/"},{"@type":"ListItem","position":2,"name":"News","item":"https:\/\/www.unique-hotelsresidences.com\/en\/categorie\/news\/"},{"@type":"ListItem","position":3,"name":"A summer in Port-Fr\u00e9jus, Fr\u00e9jus-Plage and Saint-Rapha\u00ebl"}]},{"@type":"WebSite","@id":"https:\/\/www.unique-hotelsresidences.com\/#website","url":"https:\/\/www.unique-hotelsresidences.com\/","name":"Unique H\u00f4tels &amp; R\u00e9sidences","description":"","publisher":{"@id":"https:\/\/www.unique-hotelsresidences.com\/#organization"},"potentialAction":[{"@type":"SearchAction","target":{"@type":"EntryPoint","urlTemplate":"https:\/\/www.unique-hotelsresidences.com\/?s={search_term_string}"},"query-input":"required name=search_term_string"}],"inLanguage":"en-US"},{"@type":"Organization","@id":"https:\/\/www.unique-hotelsresidences.com\/#organization","name":"Unique H\u00f4tel et R\u00e9sidence","url":"https:\/\/www.unique-hotelsresidences.com\/","logo":{"@type":"ImageObject","inLanguage":"en-US","@id":"https:\/\/www.unique-hotelsresidences.com\/#\/schema\/logo\/image\/","url":"https:\/\/www.unique-hotelsresidences.com\/base\/uploads\/2022\/01\/logo-header.png","contentUrl":"https:\/\/www.unique-hotelsresidences.com\/base\/uploads\/2022\/01\/logo-header.png","width":155,"height":104,"caption":"Unique H\u00f4tel et R\u00e9sidence"},"image":{"@id":"https:\/\/www.unique-hotelsresidences.com\/#\/schema\/logo\/image\/"}},{"@type":"Person","@id":"https:\/\/www.unique-hotelsresidences.com\/#\/schema\/person\/b3b971c02892d4b8c120799985bbe083","name":"admin_account","image":{"@type":"ImageObject","inLanguage":"en-US","@id":"https:\/\/www.unique-hotelsresidences.com\/#\/schema\/person\/image\/","url":"https:\/\/secure.gravatar.com\/avatar\/3243abf28f52f46bb999ad92ad75dcf8?s=96&d=mm&r=g","contentUrl":"https:\/\/secure.gravatar.com\/avatar\/3243abf28f52f46bb999ad92ad75dcf8?s=96&d=mm&r=g","caption":"admin_account"}}]}},"_links":{"self":[{"href":"https:\/\/www.unique-hotelsresidences.com\/en\/wp-json\/wp\/v2\/posts\/1945"}],"collection":[{"href":"https:\/\/www.unique-hotelsresidences.com\/en\/wp-json\/wp\/v2\/posts"}],"about":[{"href":"https:\/\/www.unique-hotelsresidences.com\/en\/wp-json\/wp\/v2\/types\/post"}],"author":[{"embeddable":true,"href":"https:\/\/www.unique-hotelsresidences.com\/en\/wp-json\/wp\/v2\/users\/4"}],"replies":[{"embeddable":true,"href":"https:\/\/www.unique-hotelsresidences.com\/en\/wp-json\/wp\/v2\/comments?post=1945"}],"version-history":[{"count":2,"href":"https:\/\/www.unique-hotelsresidences.com\/en\/wp-json\/wp\/v2\/posts\/1945\/revisions"}],"predecessor-version":[{"id":1949,"href":"https:\/\/www.unique-hotelsresidences.com\/en\/wp-json\/wp\/v2\/posts\/1945\/revisions\/1949"}],"wp:featuredmedia":[{"embeddable":true,"href":"https:\/\/www.unique-hotelsresidences.com\/en\/wp-json\/wp\/v2\/media\/2409"}],"wp:attachment":[{"href":"https:\/\/www.unique-hotelsresidences.com\/en\/wp-json\/wp\/v2\/media?parent=1945"}],"wp:term":[{"taxonomy":"category","embeddable":true,"href":"https:\/\/www.unique-hotelsresidences.com\/en\/wp-json\/wp\/v2\/categories?post=1945"},{"taxonomy":"post_tag","embeddable":true,"href":"https:\/\/www.unique-hotelsresidences.com\/en\/wp-json\/wp\/v2\/tags?post=1945"}],"curies":[{"name":"wp","href":"https:\/\/api.w.org\/{rel}","templated":true}]}}